{"id":1091,"date":"2025-02-24T13:50:52","date_gmt":"2025-02-24T12:50:52","guid":{"rendered":"https:\/\/matematyka.ujk.edu.pl\/?p=1091"},"modified":"2025-04-03T09:39:52","modified_gmt":"2025-04-03T07:39:52","slug":"swieto-liczby-pi-2025","status":"publish","type":"post","link":"https:\/\/matematyka.ujk.edu.pl\/index.php\/2025\/02\/24\/swieto-liczby-pi-2025\/","title":{"rendered":"\u015awi\u0119to Liczby Pi 2025"},"content":{"rendered":"<p>&nbsp;<\/p>\n<table style=\"height: 151px;\" width=\"1034\">\n<tbody>\n<tr>\n<td width=\"179\"><a href=\"https:\/\/matematyka.ujk.edu.pl\/wp-content\/uploads\/2025\/02\/kmujk.png\"><img loading=\"lazy\" decoding=\"async\" class=\"alignnone wp-image-1094\" src=\"https:\/\/matematyka.ujk.edu.pl\/wp-content\/uploads\/2025\/02\/kmujk-300x107.png\" alt=\"km ujk - Logo Katedry Matematyki UJK\" width=\"201\" height=\"72\" srcset=\"https:\/\/matematyka.ujk.edu.pl\/wp-content\/uploads\/2025\/02\/kmujk-300x107.png 300w, https:\/\/matematyka.ujk.edu.pl\/wp-content\/uploads\/2025\/02\/kmujk.png 741w\" sizes=\"auto, (max-width: 201px) 100vw, 201px\" \/><\/a><\/td>\n<td width=\"524\"><a href=\"https:\/\/matematyka.ujk.edu.pl\/wp-content\/uploads\/2025\/02\/napis-1.png\"><img loading=\"lazy\" decoding=\"async\" class=\"alignleft wp-image-1097\" src=\"https:\/\/matematyka.ujk.edu.pl\/wp-content\/uploads\/2025\/02\/napis-1-300x51.png\" alt=\"Mniejszy baner - Katedra Matematyki UJK \" width=\"406\" height=\"69\" srcset=\"https:\/\/matematyka.ujk.edu.pl\/wp-content\/uploads\/2025\/02\/napis-1-300x51.png 300w, https:\/\/matematyka.ujk.edu.pl\/wp-content\/uploads\/2025\/02\/napis-1-1024x174.png 1024w, https:\/\/matematyka.ujk.edu.pl\/wp-content\/uploads\/2025\/02\/napis-1-768x131.png 768w, https:\/\/matematyka.ujk.edu.pl\/wp-content\/uploads\/2025\/02\/napis-1-1536x262.png 1536w, https:\/\/matematyka.ujk.edu.pl\/wp-content\/uploads\/2025\/02\/napis-1.png 1779w\" sizes=\"auto, (max-width: 406px) 100vw, 406px\" \/><\/a><\/p>\n<h1><\/h1>\n<p>&nbsp;<\/td>\n<\/tr>\n<\/tbody>\n<\/table>\n<table>\n<tbody>\n<tr>\n<td><a href=\"https:\/\/matematyka.ujk.edu.pl\/wp-content\/uploads\/2025\/02\/pi2025_445x737.png\"><img loading=\"lazy\" decoding=\"async\" class=\"alignnone wp-image-1099\" src=\"https:\/\/matematyka.ujk.edu.pl\/wp-content\/uploads\/2025\/02\/pi2025_445x737-181x300.png\" alt=\"Pan Pi 2025 - logo\" width=\"556\" height=\"918\" \/><\/a><\/td>\n<td style=\"text-align: center;\"><strong>Katedra Matematyki <\/strong>Uniwersytetu Jana Kochanowskiego<br \/>\noraz <strong>Studenckie Ko\u0142o Naukowe<\/strong> \u201eRozmaito\u015bci\u201d<br \/>\nmaj\u0105 zaszczyt zaprosi\u0107 uczni\u00f3w lice\u00f3w i technik\u00f3w, nauczycieli oraz wszystkich zainteresowanych na 15. obchody<strong><br \/>\n<span style=\"color: red; font-size: 20;\"><b>\u015awi\u0119ta Liczby<\/b><\/span> <\/strong><strong><em><span style=\"color: red; font-size: 30;\">\u03c0<\/span><\/em><\/strong><\/p>\n<p style=\"text-align: left;\">kt\u00f3re rozpoczn\u0105 si\u0119 <strong>14 marca 2025<\/strong> roku o godzinie 10:00 w auli B1 budynku G Wydzia\u0142u Nauk \u015acis\u0142ych i Przyrodniczych Uniwersytetu Jana Kochanowskiego w Kielcach przy ul. Uniwersyteckiej 7.<\/p>\n<p><strong>Serdecznie zapraszamy!<\/strong><\/td>\n<\/tr>\n<tr>\n<td colspan=\"2\">\n<hr \/>\n<p><b><br \/>\nP R O G R A M<\/b><\/p>\n<table>\n<tbody>\n<tr>\n<td>10:00<\/td>\n<td>otwarcie obchod\u00f3w i powitanie uczestnik\u00f3w<\/td>\n<\/tr>\n<tr>\n<td>10:10<\/td>\n<td>wyk\u0142ad: dr Andrzej Lenarcik (Politechnika \u015awi\u0119tokrzyska) \u201e<em>O wzajemnym\u00a0oddzia\u0142ywaniu geometrii i algebry<\/em>\u201d<\/td>\n<\/tr>\n<tr>\n<td>11:05<\/td>\n<td>wyk\u0142ad: Zuzanna \u017burek (Studenckie Ko\u0142o Naukowe \u201eRozmaito\u015bci\u201d, Katedra Matematyki Uniwersytetu Jana Kochanowskiego)<br \/>\n\u201e<em>K\u00f3\u0142ko i krzy\u017cyk w czwartym wymiarze<\/em>\u201d<\/td>\n<\/tr>\n<tr>\n<td>11:50<\/td>\n<td>wyk\u0142ad: dr hab. Wojciech Jab\u0142o\u0144ski (Katedra Matematyki Uniwersytetu Jana Kochanowskiego) \u201e<em>Jak zaplanowa\u0107 w\u0142asny fundusz emerytalny<\/em>\u201d<\/td>\n<\/tr>\n<tr>\n<td>12:30<\/td>\n<td>przerwa<\/td>\n<\/tr>\n<tr>\n<td>12:40<\/td>\n<td>konkurs na \u201e<strong><em>\u03c0<\/em><\/strong>lnego s\u0142uchacza\u201d<\/td>\n<\/tr>\n<tr>\n<td>13:10<\/td>\n<td>zako\u0144czenie obchod\u00f3w<\/td>\n<\/tr>\n<\/tbody>\n<\/table>\n<\/td>\n<\/tr>\n<tr>\n<td colspan=\"2\">\n<hr \/>\n<p><strong><b><br \/>\nR E J E S T R A C J A<br \/>\n<\/b><\/strong>Informujemy, \u017ce wprowadzona zosta\u0142a <strong>obowi\u0105zkowa rejestracja<\/strong> grup uczestnik\u00f3w. Zg\u0142oszenia uczestnictwa nale\u017cy wysy\u0142a\u0107 na adres <strong>imat@ujk.edu.pl<\/strong> wpisuj\u0105c jako temat:<\/p>\n<p style=\"text-align: center;\"><strong>\u201eZg\u0142oszenie Pi 2025\u201d<\/strong>.<\/p>\n<p>W tre\u015bci wiadomo\u015bci nale\u017cy poda\u0107 w nast\u0119puj\u0105cej kolejno\u015bci (z zachowaniem numeracji):<\/p>\n<ol>\n<li>nazw\u0119 i adres szko\u0142y,<\/li>\n<li>liczb\u0119 uczestnik\u00f3w \u2013 uczni\u00f3w tworz\u0105cych grup\u0119,<\/li>\n<li>liczb\u0119 opiekun\u00f3w (i innych os\u00f3b towarzysz\u0105cych grupie, je\u015bli takie b\u0119d\u0105),<\/li>\n<li>imi\u0119 i nazwisko osoby do kontaktu \u2013 oraz e-mail lub telefon do tej osoby,<\/li>\n<\/ol>\n<p>O przyj\u0119ciu zg\u0142oszenia udzia\u0142u w obchodach \u015awi\u0119ta Liczby Pi decyduje kolejno\u015b\u0107 zg\u0142osze\u0144 a\u017c do wyczerpania limitu miejsc (ok. 110). Ponadto obowi\u0105zuje limit jednej klasy z jednej szko\u0142y, a kolejn\u0105 klas\u0119 mo\u017cna wpisa\u0107 na list\u0119 rezerwow\u0105.<\/td>\n<\/tr>\n<\/tbody>\n<\/table>\n<p><a href=\"https:\/\/matematyka.ujk.edu.pl\/wp-content\/uploads\/2025\/02\/PLAKAT-PI-2025_v0.92rtm.pdf\" target=\"_blank\" rel=\"noopener\">PLAKAT &#8211; \u015awi\u0119to Liczby Pi 2025<\/a><br \/>\n<a href=\"https:\/\/matematyka.ujk.edu.pl\/wp-content\/uploads\/2025\/02\/program.swieto.pi_.2025.pdf\" target=\"_blank\" rel=\"noopener\">Program obchod\u00f3w \u015awi\u0119ta Liczby Pi 2025<\/a><br \/>\n<a href=\"https:\/\/matematyka.ujk.edu.pl\/wp-content\/uploads\/2025\/02\/regulamin_Pi-KM-2025F.pdf\" target=\"_blank\" rel=\"noopener\">REGULAMIN &#8211; \u015awi\u0119to Liczby Pi<\/a><br \/>\n<a href=\"https:\/\/matematyka.ujk.edu.pl\/wp-content\/uploads\/2025\/02\/Prywatny-fundusz-emerytalny-kalkulator.zip\">Prywatny fundusz emerytalny &#8211; kalkulator.zip<\/a><\/p>\n","protected":false},"excerpt":{"rendered":"<p>&nbsp; &nbsp; Katedra Matematyki Uniwersytetu Jana Kochanowskiego oraz Studenckie Ko\u0142o Naukowe \u201eRozmaito\u015bci\u201d maj\u0105 zaszczyt zaprosi\u0107 uczni\u00f3w lice\u00f3w i technik\u00f3w, nauczycieli oraz wszystkich zainteresowanych na 15. obchody \u015awi\u0119ta Liczby \u03c0 kt\u00f3re rozpoczn\u0105 si\u0119 14 marca 2025 roku o godzinie 10:00 w auli B1 budynku G Wydzia\u0142u Nauk \u015acis\u0142ych i Przyrodniczych Uniwersytetu Jana Kochanowskiego w Kielcach przy [&hellip;]<\/p>\n","protected":false},"author":1,"featured_media":1111,"comment_status":"open","ping_status":"open","sticky":false,"template":"","format":"standard","meta":{"footnotes":""},"categories":[10,1,7],"tags":[],"class_list":["post-1091","post","type-post","status-publish","format-standard","has-post-thumbnail","hentry","category-aktualnosci","category-bez-kategorii","category-kandydaci"],"_links":{"self":[{"href":"https:\/\/matematyka.ujk.edu.pl\/index.php\/wp-json\/wp\/v2\/posts\/1091","targetHints":{"allow":["GET"]}}],"collection":[{"href":"https:\/\/matematyka.ujk.edu.pl\/index.php\/wp-json\/wp\/v2\/posts"}],"about":[{"href":"https:\/\/matematyka.ujk.edu.pl\/index.php\/wp-json\/wp\/v2\/types\/post"}],"author":[{"embeddable":true,"href":"https:\/\/matematyka.ujk.edu.pl\/index.php\/wp-json\/wp\/v2\/users\/1"}],"replies":[{"embeddable":true,"href":"https:\/\/matematyka.ujk.edu.pl\/index.php\/wp-json\/wp\/v2\/comments?post=1091"}],"version-history":[{"count":30,"href":"https:\/\/matematyka.ujk.edu.pl\/index.php\/wp-json\/wp\/v2\/posts\/1091\/revisions"}],"predecessor-version":[{"id":1182,"href":"https:\/\/matematyka.ujk.edu.pl\/index.php\/wp-json\/wp\/v2\/posts\/1091\/revisions\/1182"}],"wp:featuredmedia":[{"embeddable":true,"href":"https:\/\/matematyka.ujk.edu.pl\/index.php\/wp-json\/wp\/v2\/media\/1111"}],"wp:attachment":[{"href":"https:\/\/matematyka.ujk.edu.pl\/index.php\/wp-json\/wp\/v2\/media?parent=1091"}],"wp:term":[{"taxonomy":"category","embeddable":true,"href":"https:\/\/matematyka.ujk.edu.pl\/index.php\/wp-json\/wp\/v2\/categories?post=1091"},{"taxonomy":"post_tag","embeddable":true,"href":"https:\/\/matematyka.ujk.edu.pl\/index.php\/wp-json\/wp\/v2\/tags?post=1091"}],"curies":[{"name":"wp","href":"https:\/\/api.w.org\/{rel}","templated":true}]}}