{"id":1165,"date":"2025-03-17T09:09:12","date_gmt":"2025-03-17T08:09:12","guid":{"rendered":"https:\/\/matematyka.ujk.edu.pl\/?p=1165"},"modified":"2025-04-03T09:39:05","modified_gmt":"2025-04-03T07:39:05","slug":"kielce-dla-mlodych","status":"publish","type":"post","link":"https:\/\/matematyka.ujk.edu.pl\/index.php\/2025\/03\/17\/kielce-dla-mlodych\/","title":{"rendered":"KIELCE DLA M\u0141ODYCH"},"content":{"rendered":"<p><span style=\"color: #003366; font-size: 20;\">\u00a0 \u2013 M\u0141ODZIE\u017b WSP\u00d3\u0141TWORZY PRZYSZ\u0141O\u015a\u0106 MIASTA<\/span><\/p>\n<p>Rozpoczynamy nowatorski projekt, kt\u00f3ry daje m\u0142odym ludziom realny wp\u0142yw na przysz\u0142o\u015b\u0107 Kielc! &#8222;KIELCE DLA M\u0141ODYCH&#8221; to inicjatywa, kt\u00f3rej celem jest opracowanie STRATEGII M\u0141ODZIE\u017bOWEJ DLA KIELC &#8211; dokumentu wyznaczaj\u0105cego kierunek polityki m\u0142odzie\u017cowej miasta na kolejne lata. To niezwyk\u0142a okazja dla m\u0142odych kielczan, aby aktywnie uczestniczy\u0107 w procesach decyzyjnych i kszta\u0142towa\u0107 przestrze\u0144, w kt\u00f3rej \u017cyj\u0105.<\/p>\n<p>Projekt opiera si\u0119 na zasadach PARTYCYPACJI, czyli aktywnego udzia\u0142u m\u0142odzie\u017cy w podejmowaniu decyzji. Stworzy on przestrze\u0144 do wsp\u00f3\u0142pracy m\u0142odych ludzi z SAMORZ\u0104DOWCAMI, URZ\u0118DNIKAMI, ORGANIZACJAMI POZARZ\u0104DOWYMI ORAZ \u015aRODOWISKIEM AKADEMICKIM. Wsp\u00f3lnie wypracujemy rozwi\u0105zania, kt\u00f3re odpowiedz\u0105 na realne potrzeby m\u0142odego pokolenia Kielc.<\/p>\n<p>CO PRZED NAMI?<\/p>\n<p>W ramach projektu odb\u0119dzie si\u0119 szereg wydarze\u0144 anga\u017cuj\u0105cych m\u0142odych mieszka\u0144c\u00f3w miasta. Planowane dzia\u0142ania obejmuj\u0105:<\/p>\n<p>SZKOLENIE PARTYCYPACYJNE DLA M\u0141ODZIE\u017bY &#8211; przygotowanie do prowadzenia debat, moderowania spotka\u0144 i opracowywania strategii m\u0142odzie\u017cowej;<\/p>\n<p>DIAGNOZA SYTUACJI M\u0141ODZIE\u017bY &#8211; poprzez ANKIETY, SPOTKANIA I DEBATY z m\u0142odymi kielczanami;<\/p>\n<p>KONSULTAKCJE &#8211; seria dzia\u0142a\u0144 konsultacyjnych, w tym DEBATA Z PREZYDENTK\u0104 KIELC, MOBILNE PUNKTY KONSULTACYJNE I GRA URZ\u0118DOWA;<\/p>\n<p>KONFERENCJA SIECIUJ\u0104CA &#8211; spotkanie m\u0142odzie\u017cowych \u015brodowisk z wojew\u00f3dztwa \u015bwi\u0119tokrzyskiego;<\/p>\n<p>WIZYTA STUDYJNA W LUBLINIE &#8211; poznanie dobrych praktyk partycypacyjnych;<\/p>\n<p>ZAKOPANIE M\u0141ODZIE\u017bOWEJ KAPSU\u0141Y CZASU KIELCE 2035+ &#8211; zapisanie marze\u0144<br \/>\ni oczekiwa\u0144 m\u0142odzie\u017cy wobec miasta przysz\u0142o\u015bci.<\/p>\n<p>Projekt &#8222;KIELCE DLA M\u0141ODYCH&#8221; to wyj\u0105tkowa szansa na realne zmiany.<br \/>\nM\u0142odzi mieszka\u0144cy Kielc uzyskaj\u0105 mo\u017cliwo\u015b\u0107 aktywnego wp\u0142ywu na kszta\u0142towanie polityki lokalnej, wzmacniaj\u0105c jednocze\u015bnie rol\u0119 M\u0141ODZIE\u017bOWEJ RADY MIASTA. Samorz\u0105dowcy i urz\u0119dnicy lepiej poznaj\u0105 potrzeby i oczekiwania m\u0142odych ludzi, co przyczyni si\u0119 do tworzenia bardziej dopasowanych dzia\u0142a\u0144 i program\u00f3w skierowanych do m\u0142odzie\u017cy.<\/p>\n<p>Finalnym efektem projektu b\u0119dzie opracowanie STRATEGII M\u0141ODZIE\u017bOWEJ DLA KIELC, kt\u00f3ra stanie si\u0119 kluczowym dokumentem wspieraj\u0105cym rozw\u00f3j miasta przyjaznego m\u0142odym ludziom.<\/p>\n<p>Projekt realizowany przez \u00a0UNIWERSYTET JANA KOCHANOWSKIEGO W KIELCACH we wsp\u00f3\u0142pracy z Urz\u0119dem MIASTA KIELCE, INSTYTUTEM ROZWOJU MIAST I REGION\u00d3W ORAZ MIASTEM LUBLIN. Dzia\u0142ania s\u0105 finansowane przez UNI\u0118 EUROPEJSK\u0104 W RAMACH PROJEKTU &#8222;KIELCE DLA M\u0141ODYCH \u2013 PARTYCYPACYJNE WYPRACOWANIE POLITYKI M\u0141ODZIE\u017bOWEJ<\/p>\n<p><a><span style=\"font-size: 12;\">_Wyra\u017cone w artykule pogl\u0105dy i opinie s\u0105 wy\u0142\u0105cznie opiniami autor\u00f3w i niekoniecznie odzwierciedlaj\u0105 stanowisko Unii Europejskiej. Ani Unia Europejska, ani organ przyznaj\u0105cy grant nie mog\u0105 ponosi\u0107 za nie odpowiedzialno\u015bci.&#8221;_<\/span><\/a><\/p>\n<p><a href=\"https:\/\/matematyka.ujk.edu.pl\/wp-content\/uploads\/2025\/03\/Zaproszenie-Kielce_dla_Mlodych.pdf\" target=\"_blank\" rel=\"noopener\">Zaproszenie &#8211; Kielce dla M\u0142odych.pdf<\/a><\/p>\n<p><a href=\"https:\/\/matematyka.ujk.edu.pl\/wp-content\/uploads\/2025\/03\/Loga.png\"><img loading=\"lazy\" decoding=\"async\" class=\"aligncenter wp-image-1166\" src=\"https:\/\/matematyka.ujk.edu.pl\/wp-content\/uploads\/2025\/03\/Loga-300x41.png\" alt=\"Loga projektu\" width=\"541\" height=\"74\" srcset=\"https:\/\/matematyka.ujk.edu.pl\/wp-content\/uploads\/2025\/03\/Loga-300x41.png 300w, https:\/\/matematyka.ujk.edu.pl\/wp-content\/uploads\/2025\/03\/Loga.png 659w\" sizes=\"auto, (max-width: 541px) 100vw, 541px\" \/><\/a><\/p>\n","protected":false},"excerpt":{"rendered":"<p>\u00a0 \u2013 M\u0141ODZIE\u017b WSP\u00d3\u0141TWORZY PRZYSZ\u0141O\u015a\u0106 MIASTA Rozpoczynamy nowatorski projekt, kt\u00f3ry daje m\u0142odym ludziom realny wp\u0142yw na przysz\u0142o\u015b\u0107 Kielc! &#8222;KIELCE DLA M\u0141ODYCH&#8221; to inicjatywa, kt\u00f3rej celem jest opracowanie STRATEGII M\u0141ODZIE\u017bOWEJ DLA KIELC &#8211; dokumentu wyznaczaj\u0105cego kierunek polityki m\u0142odzie\u017cowej miasta na kolejne lata. To niezwyk\u0142a okazja dla m\u0142odych kielczan, aby aktywnie uczestniczy\u0107 w procesach decyzyjnych i kszta\u0142towa\u0107 [&hellip;]<\/p>\n","protected":false},"author":1,"featured_media":1167,"comment_status":"open","ping_status":"open","sticky":false,"template":"","format":"standard","meta":{"footnotes":""},"categories":[10,1,8],"tags":[],"class_list":["post-1165","post","type-post","status-publish","format-standard","has-post-thumbnail","hentry","category-aktualnosci","category-bez-kategorii","category-studenci"],"_links":{"self":[{"href":"https:\/\/matematyka.ujk.edu.pl\/index.php\/wp-json\/wp\/v2\/posts\/1165","targetHints":{"allow":["GET"]}}],"collection":[{"href":"https:\/\/matematyka.ujk.edu.pl\/index.php\/wp-json\/wp\/v2\/posts"}],"about":[{"href":"https:\/\/matematyka.ujk.edu.pl\/index.php\/wp-json\/wp\/v2\/types\/post"}],"author":[{"embeddable":true,"href":"https:\/\/matematyka.ujk.edu.pl\/index.php\/wp-json\/wp\/v2\/users\/1"}],"replies":[{"embeddable":true,"href":"https:\/\/matematyka.ujk.edu.pl\/index.php\/wp-json\/wp\/v2\/comments?post=1165"}],"version-history":[{"count":14,"href":"https:\/\/matematyka.ujk.edu.pl\/index.php\/wp-json\/wp\/v2\/posts\/1165\/revisions"}],"predecessor-version":[{"id":1189,"href":"https:\/\/matematyka.ujk.edu.pl\/index.php\/wp-json\/wp\/v2\/posts\/1165\/revisions\/1189"}],"wp:featuredmedia":[{"embeddable":true,"href":"https:\/\/matematyka.ujk.edu.pl\/index.php\/wp-json\/wp\/v2\/media\/1167"}],"wp:attachment":[{"href":"https:\/\/matematyka.ujk.edu.pl\/index.php\/wp-json\/wp\/v2\/media?parent=1165"}],"wp:term":[{"taxonomy":"category","embeddable":true,"href":"https:\/\/matematyka.ujk.edu.pl\/index.php\/wp-json\/wp\/v2\/categories?post=1165"},{"taxonomy":"post_tag","embeddable":true,"href":"https:\/\/matematyka.ujk.edu.pl\/index.php\/wp-json\/wp\/v2\/tags?post=1165"}],"curies":[{"name":"wp","href":"https:\/\/api.w.org\/{rel}","templated":true}]}}