{"id":1199,"date":"2025-05-05T08:21:00","date_gmt":"2025-05-05T06:21:00","guid":{"rendered":"https:\/\/matematyka.ujk.edu.pl\/?p=1199"},"modified":"2025-05-05T08:25:13","modified_gmt":"2025-05-05T06:25:13","slug":"dni-jakosci-ksztalcenia-2025-eduwizja-jakosc-rownosc-dostepnosc","status":"publish","type":"post","link":"https:\/\/matematyka.ujk.edu.pl\/index.php\/2025\/05\/05\/dni-jakosci-ksztalcenia-2025-eduwizja-jakosc-rownosc-dostepnosc\/","title":{"rendered":"Dni Jako\u015bci Kszta\u0142cenia 2025 \u2013 EDUWIZJA: jako\u015b\u0107, r\u00f3wno\u015b\u0107, dost\u0119pno\u015b\u0107"},"content":{"rendered":"<p>W dniach\u00a026\u201327 maja 2025 r.\u00a0na naszej uczelni odb\u0119d\u0105 si\u0119\u00a0Dni Jako\u015bci Kszta\u0142cenia\u00a0pod has\u0142em\u00a0\u201eEDUWIZJA: jako\u015b\u0107, r\u00f3wno\u015b\u0107, dost\u0119pno\u015b\u0107\u201d.<\/p>\n<p>To dwa dni pe\u0142ne ciekawych wyk\u0142ad\u00f3w, warsztat\u00f3w, debat, prezentacji k\u00f3\u0142 naukowych<br \/>\ni spotka\u0144 \u2013 niezale\u017cnie od tego, czy jeste\u015b studentem, doktorantem, czy pracownikiem naukowym &#8211; warto wzi\u0105\u0107 udzia\u0142 w tym wydarzeniu.<\/p>\n<p>Zach\u0119camy do udzia\u0142u \u2013 to \u015bwietna okazja, by zobaczy\u0107, co dzieje si\u0119 na innych wydzia\u0142ach, wymieni\u0107 si\u0119 pomys\u0142ami i sp\u0119dzi\u0107 czas w dobrej atmosferze!<\/p>\n<p>&nbsp;<\/p>\n<p><a href=\"https:\/\/matematyka.ujk.edu.pl\/wp-content\/uploads\/2025\/05\/2025_Program_DJK.pdf\" target=\"_blank\" rel=\"noopener\">Program Dni Jako\u015bci Kszta\u0142cenia.pdf<\/a><\/p>\n","protected":false},"excerpt":{"rendered":"<p>W dniach\u00a026\u201327 maja 2025 r.\u00a0na naszej uczelni odb\u0119d\u0105 si\u0119\u00a0Dni Jako\u015bci Kszta\u0142cenia\u00a0pod has\u0142em\u00a0\u201eEDUWIZJA: jako\u015b\u0107, r\u00f3wno\u015b\u0107, dost\u0119pno\u015b\u0107\u201d. To dwa dni pe\u0142ne ciekawych wyk\u0142ad\u00f3w, warsztat\u00f3w, debat, prezentacji k\u00f3\u0142 naukowych i spotka\u0144 \u2013 niezale\u017cnie od tego, czy jeste\u015b studentem, doktorantem, czy pracownikiem naukowym &#8211; warto wzi\u0105\u0107 udzia\u0142 w tym wydarzeniu. Zach\u0119camy do udzia\u0142u \u2013 to \u015bwietna okazja, by zobaczy\u0107, [&hellip;]<\/p>\n","protected":false},"author":1,"featured_media":1201,"comment_status":"open","ping_status":"open","sticky":false,"template":"","format":"standard","meta":{"footnotes":""},"categories":[10,1,9,8],"tags":[],"class_list":["post-1199","post","type-post","status-publish","format-standard","has-post-thumbnail","hentry","category-aktualnosci","category-bez-kategorii","category-pracownicy","category-studenci"],"_links":{"self":[{"href":"https:\/\/matematyka.ujk.edu.pl\/index.php\/wp-json\/wp\/v2\/posts\/1199","targetHints":{"allow":["GET"]}}],"collection":[{"href":"https:\/\/matematyka.ujk.edu.pl\/index.php\/wp-json\/wp\/v2\/posts"}],"about":[{"href":"https:\/\/matematyka.ujk.edu.pl\/index.php\/wp-json\/wp\/v2\/types\/post"}],"author":[{"embeddable":true,"href":"https:\/\/matematyka.ujk.edu.pl\/index.php\/wp-json\/wp\/v2\/users\/1"}],"replies":[{"embeddable":true,"href":"https:\/\/matematyka.ujk.edu.pl\/index.php\/wp-json\/wp\/v2\/comments?post=1199"}],"version-history":[{"count":4,"href":"https:\/\/matematyka.ujk.edu.pl\/index.php\/wp-json\/wp\/v2\/posts\/1199\/revisions"}],"predecessor-version":[{"id":1205,"href":"https:\/\/matematyka.ujk.edu.pl\/index.php\/wp-json\/wp\/v2\/posts\/1199\/revisions\/1205"}],"wp:featuredmedia":[{"embeddable":true,"href":"https:\/\/matematyka.ujk.edu.pl\/index.php\/wp-json\/wp\/v2\/media\/1201"}],"wp:attachment":[{"href":"https:\/\/matematyka.ujk.edu.pl\/index.php\/wp-json\/wp\/v2\/media?parent=1199"}],"wp:term":[{"taxonomy":"category","embeddable":true,"href":"https:\/\/matematyka.ujk.edu.pl\/index.php\/wp-json\/wp\/v2\/categories?post=1199"},{"taxonomy":"post_tag","embeddable":true,"href":"https:\/\/matematyka.ujk.edu.pl\/index.php\/wp-json\/wp\/v2\/tags?post=1199"}],"curies":[{"name":"wp","href":"https:\/\/api.w.org\/{rel}","templated":true}]}}