{"id":859,"date":"2024-12-17T13:12:36","date_gmt":"2024-12-17T12:12:36","guid":{"rendered":"https:\/\/matematyka.ujk.edu.pl\/new\/?p=859"},"modified":"2025-01-29T09:45:10","modified_gmt":"2025-01-29T08:45:10","slug":"informacja-o-ankietach-za-sem-zimowy-2024-2025","status":"publish","type":"post","link":"https:\/\/matematyka.ujk.edu.pl\/index.php\/2024\/12\/17\/informacja-o-ankietach-za-sem-zimowy-2024-2025\/","title":{"rendered":"Informacja o ankietach za sem. zimowy 2024-2025"},"content":{"rendered":"<p>Szanowni Pa\u0144stwo,<\/p>\n<p>tegoroczna ankietyzacja ponownie b\u0119dzie przeprowadzona za po\u015brednictwem indywidualnego konta w Wirtualnej Uczelni (WU), na kt\u00f3rym widnieje lista ankiet dost\u0119pnych dla danego studenta\/doktoranta\/uczestnika studi\u00f3w podyplomowych. Studenci ostatniego semestru otrzymaj\u0105 ankiet\u0119 na konto mailowe. Zgodnie z zasadami obowi\u0105zuj\u0105cymi w naszej Uczelni g\u0142\u00f3wne badania ankietowe przeprowadzane s\u0105 dwukrotnie w ka\u017cdym roku akademickim, w ko\u0144c\u00f3wce i po zako\u0144czonych zaj\u0119ciach w semestrze zimowym oraz letnim.<\/p>\n<p><strong>Najbli\u017csze badanie ankietowe b\u0119dzie trwa\u0142o od 1 stycznia do 31 marca 2025 r.<\/strong><\/p>\n<p>Pragniemy podkre\u015bli\u0107, \u017ce <strong>wszystkie ankiety s\u0105 anonimowe i poufne<\/strong>.<\/p>\n<p>Jednocze\u015bnie informujemy, \u017ce wype\u0142niane przez Pa\u0144stwa <u>ankiety i zg\u0142aszane w nich uwagi<\/u>, s\u0105 cennym i wa\u017cnym \u017ar\u00f3d\u0142em wiedzy, sprzyjaj\u0105cym poprawie jako\u015bci kszta\u0142cenia. Wyniki ankiet s\u0105 analizowane zar\u00f3wno przez w\u0142adze Uczelni, jak i w\u0142adze poszczeg\u00f3lnych jednostek \u2013 wydzia\u0142\u00f3w, filii, innych ocenianych jednostek.<\/p>\n<p><strong>Liczymy na Pa\u0144stwa aktywny udzia\u0142 w badaniu.<\/strong><\/p>\n<p>Wysoki stopie\u0144 zaanga\u017cowania w proces ankietyzacji jest nagradzany. Wydzia\u0142, na kt\u00f3rym wype\u0142niono najwi\u0119cej ankiet w 2023 roku, w nagrod\u0119 za to otrzyma\u0142 <em>dzie\u0144 rektorski dla wydzia\u0142u! (to by\u0142o Collegium Medicum, dzie\u0144 wolny: 15.05.2024).<\/em><\/p>\n<p><em>Zach\u0119camy r\u00f3wnie\u017c do zapoznania si\u0119 z wynikami poprzednich bada\u0144 ankietowych, kt\u00f3re znajduj\u0105 si\u0119 na stronie <a href=\"https:\/\/ujk.edu.pl\/Aktualnosci_jakosc_ksztalcenia.html\">https:\/\/ujk.edu.pl\/Aktualnosci_jakosc_ksztalcenia.html<\/a>.<\/em><\/p>\n<p><strong>Pami\u0119taj! Twoja ocena\/opinia jest bardzo cenna! Im wi\u0119cej g\u0142os\u00f3w tym wi\u0119ksza szansa na zmiany<\/strong><\/p>\n<p><strong><em>Poni\u017cej przedstawiamy \u015bcie\u017ck\u0119 dost\u0119pu do ankiet:<\/em><\/strong><\/p>\n<ol>\n<li>Przez stron\u0119 <a href=\"https:\/\/ujk.edu.pl\/\">https:\/\/ujk.edu.pl\/<\/a> trzeba si\u0119 zalogowa\u0107 do <strong>Wirtualnej Uczelni (WU)<\/strong>:<br \/>\n<a href=\"https:\/\/matematyka.ujk.edu.pl\/\/wp-content\/uploads\/2024\/12\/logowanie.png\"><img loading=\"lazy\" decoding=\"async\" class=\"alignnone wp-image-860\" title=\"Ekran Logowania - grafika\" src=\"https:\/\/matematyka.ujk.edu.pl\/\/wp-content\/uploads\/2024\/12\/logowanie-300x195.png\" alt=\"Ekran Logowania - grafika\" width=\"434\" height=\"282\" srcset=\"https:\/\/matematyka.ujk.edu.pl\/wp-content\/uploads\/2024\/12\/logowanie-300x195.png 300w, https:\/\/matematyka.ujk.edu.pl\/wp-content\/uploads\/2024\/12\/logowanie.png 355w\" sizes=\"auto, (max-width: 434px) 100vw, 434px\" \/><\/a><\/li>\n<li>Po zalogowaniu si\u0119 do WU, nale\u017cy wybra\u0107 zak\u0142adk\u0119 <strong>\u201eAnkiety i egzaminy\u201d<br \/>\n<a href=\"https:\/\/matematyka.ujk.edu.pl\/\/wp-content\/uploads\/2024\/12\/ankiety.png\"><img loading=\"lazy\" decoding=\"async\" class=\"alignnone wp-image-861\" title=\"Ankiety - grafika\" src=\"https:\/\/matematyka.ujk.edu.pl\/\/wp-content\/uploads\/2024\/12\/ankiety-300x142.png\" alt=\"Ankiety - grafika\" width=\"425\" height=\"201\" srcset=\"https:\/\/matematyka.ujk.edu.pl\/wp-content\/uploads\/2024\/12\/ankiety-300x142.png 300w, https:\/\/matematyka.ujk.edu.pl\/wp-content\/uploads\/2024\/12\/ankiety.png 409w\" sizes=\"auto, (max-width: 425px) 100vw, 425px\" \/><\/a><\/strong><\/li>\n<li>Nale\u017cy wybra\u0107 opcj\u0119 <strong>\u201eWype\u0142nianie ankiet\u201d<\/strong> i <strong>wype\u0142ni\u0107 dost\u0119pne ankiety<\/strong>, we wskazanym terminie, tj. od 01-01-2025 do 31.03.2025.<\/li>\n<\/ol>\n<p><em>Jednocze\u015bnie uprzejmie prosimy o zg\u0142aszanie wszelkich problem\u00f3w technicznych zwi\u0105zanych z wype\u0142nianiem ankiet do Pani Ewy B\u0142aszkiewicz na adres: <a href=\"mailto:ewa.blaszkiewicz@ujk.edu.pl\">ewa.blaszkiewicz@ujk.edu.pl<\/a>.<\/em><\/p>\n<p><strong>Dzi\u0119kujemy bardzo!<\/strong><\/p>\n","protected":false},"excerpt":{"rendered":"<p>Szanowni Pa\u0144stwo, tegoroczna ankietyzacja ponownie b\u0119dzie przeprowadzona za po\u015brednictwem indywidualnego konta w Wirtualnej Uczelni (WU), na kt\u00f3rym widnieje lista ankiet dost\u0119pnych dla danego studenta\/doktoranta\/uczestnika studi\u00f3w podyplomowych. Studenci ostatniego semestru otrzymaj\u0105 ankiet\u0119 na konto mailowe. Zgodnie z zasadami obowi\u0105zuj\u0105cymi w naszej Uczelni g\u0142\u00f3wne badania ankietowe przeprowadzane s\u0105 dwukrotnie w ka\u017cdym roku akademickim, w ko\u0144c\u00f3wce i po [&hellip;]<\/p>\n","protected":false},"author":1,"featured_media":860,"comment_status":"open","ping_status":"open","sticky":false,"template":"","format":"standard","meta":{"footnotes":""},"categories":[10,1],"tags":[],"class_list":["post-859","post","type-post","status-publish","format-standard","has-post-thumbnail","hentry","category-aktualnosci","category-bez-kategorii"],"_links":{"self":[{"href":"https:\/\/matematyka.ujk.edu.pl\/index.php\/wp-json\/wp\/v2\/posts\/859","targetHints":{"allow":["GET"]}}],"collection":[{"href":"https:\/\/matematyka.ujk.edu.pl\/index.php\/wp-json\/wp\/v2\/posts"}],"about":[{"href":"https:\/\/matematyka.ujk.edu.pl\/index.php\/wp-json\/wp\/v2\/types\/post"}],"author":[{"embeddable":true,"href":"https:\/\/matematyka.ujk.edu.pl\/index.php\/wp-json\/wp\/v2\/users\/1"}],"replies":[{"embeddable":true,"href":"https:\/\/matematyka.ujk.edu.pl\/index.php\/wp-json\/wp\/v2\/comments?post=859"}],"version-history":[{"count":2,"href":"https:\/\/matematyka.ujk.edu.pl\/index.php\/wp-json\/wp\/v2\/posts\/859\/revisions"}],"predecessor-version":[{"id":863,"href":"https:\/\/matematyka.ujk.edu.pl\/index.php\/wp-json\/wp\/v2\/posts\/859\/revisions\/863"}],"wp:featuredmedia":[{"embeddable":true,"href":"https:\/\/matematyka.ujk.edu.pl\/index.php\/wp-json\/wp\/v2\/media\/860"}],"wp:attachment":[{"href":"https:\/\/matematyka.ujk.edu.pl\/index.php\/wp-json\/wp\/v2\/media?parent=859"}],"wp:term":[{"taxonomy":"category","embeddable":true,"href":"https:\/\/matematyka.ujk.edu.pl\/index.php\/wp-json\/wp\/v2\/categories?post=859"},{"taxonomy":"post_tag","embeddable":true,"href":"https:\/\/matematyka.ujk.edu.pl\/index.php\/wp-json\/wp\/v2\/tags?post=859"}],"curies":[{"name":"wp","href":"https:\/\/api.w.org\/{rel}","templated":true}]}}